{"id":159,"date":"2020-01-15T02:32:05","date_gmt":"2020-01-15T02:32:05","guid":{"rendered":"http:\/\/localhost\/ctthemes\/csuti\/?p=159"},"modified":"2026-08-11T17:38:50","modified_gmt":"2026-08-11T15:38:50","slug":"de-la-poubelle-au-champ-la-seconde-vie-des-dechets-menagers","status":"publish","type":"post","link":"https:\/\/edis-afrique.org\/index.php\/2020\/01\/15\/de-la-poubelle-au-champ-la-seconde-vie-des-dechets-menagers\/","title":{"rendered":"De la poubelle au champ : la seconde vie des d\u00e9chets m\u00e9nagers"},"content":{"rendered":"<p>Et si les \u00e9pluchures, emballages et restes de repas d&#8217;aujourd&#8217;hui devenaient l&#8217;engrais qui nourrit les cultures de demain ? Voici comment un d\u00e9chet devient une ressource agricole.<\/p>\n<h2>Un d\u00e9chet n&#8217;est pas une fin, c&#8217;est une \u00e9tape<\/h2>\n<p>On a l&#8217;habitude de penser la gestion des d\u00e9chets comme une cha\u00eene qui se termine \u00e0 la d\u00e9charge. Avec la valorisation, cette cha\u00eene se prolonge : le d\u00e9chet devient une mati\u00e8re premi\u00e8re pour un nouvel usage.<\/p>\n<h2><strong>Le parcours d&#8217;un sac poubelle<br \/>\n<\/strong><\/h2>\n<ol>\n<li><strong>Collecte<\/strong> \u2014 les d\u00e9chets m\u00e9nagers sont r\u00e9cup\u00e9r\u00e9s sans n\u00e9cessiter de tri pr\u00e9alable pouss\u00e9<\/li>\n<li><strong>Traitement<\/strong> \u2014 via un proc\u00e9d\u00e9 comme CALCIOR, la mati\u00e8re est ass\u00e9ch\u00e9e et stabilis\u00e9e<\/li>\n<li><strong>Transformation<\/strong> \u2014 le r\u00e9sultat est un granulat stable, d\u00e9barrass\u00e9 de son humidit\u00e9 et de ses agents pathog\u00e8nes<\/li>\n<li><strong>Valorisation agricole<\/strong> \u2014 selon sa composition, ce granulat peut \u00eatre utilis\u00e9 comme amendement organo-calcique, apportant mati\u00e8re organique et \u00e9l\u00e9ments min\u00e9raux aux sols<\/li>\n<\/ol>\n<div id='gallery-1' class='gallery galleryid-159 gallery-columns-4 gallery-size-medium'><figure class='gallery-item'>\n\t\t\t<div class='gallery-icon landscape'>\n\t\t\t\t<a href='https:\/\/edis-afrique.org\/index.php\/2020\/01\/15\/de-la-poubelle-au-champ-la-seconde-vie-des-dechets-menagers\/de_la_poubelle_collecte_compress\/'><img fetchpriority=\"high\" decoding=\"async\" width=\"300\" height=\"225\" src=\"https:\/\/edis-afrique.org\/wp-content\/uploads\/2020\/01\/de_la_poubelle_collecte_compress-300x225.png\" class=\"attachment-medium size-medium\" alt=\"\" srcset=\"https:\/\/edis-afrique.org\/wp-content\/uploads\/2020\/01\/de_la_poubelle_collecte_compress-300x225.png 300w, https:\/\/edis-afrique.org\/wp-content\/uploads\/2020\/01\/de_la_poubelle_collecte_compress-1024x768.png 1024w, https:\/\/edis-afrique.org\/wp-content\/uploads\/2020\/01\/de_la_poubelle_collecte_compress-768x576.png 768w, https:\/\/edis-afrique.org\/wp-content\/uploads\/2020\/01\/de_la_poubelle_collecte_compress-600x450.png 600w, https:\/\/edis-afrique.org\/wp-content\/uploads\/2020\/01\/de_la_poubelle_collecte_compress.png 1448w\" sizes=\"(max-width: 300px) 100vw, 300px\" \/><\/a>\n\t\t\t<\/div><\/figure><figure class='gallery-item'>\n\t\t\t<div class='gallery-icon landscape'>\n\t\t\t\t<a href='https:\/\/edis-afrique.org\/index.php\/2020\/01\/15\/de-la-poubelle-au-champ-la-seconde-vie-des-dechets-menagers\/de_la_poubelle_traitement_compress\/'><img decoding=\"async\" width=\"300\" height=\"225\" src=\"https:\/\/edis-afrique.org\/wp-content\/uploads\/2020\/01\/de_la_poubelle_traitement_compress-300x225.png\" class=\"attachment-medium size-medium\" alt=\"\" srcset=\"https:\/\/edis-afrique.org\/wp-content\/uploads\/2020\/01\/de_la_poubelle_traitement_compress-300x225.png 300w, https:\/\/edis-afrique.org\/wp-content\/uploads\/2020\/01\/de_la_poubelle_traitement_compress-1024x768.png 1024w, https:\/\/edis-afrique.org\/wp-content\/uploads\/2020\/01\/de_la_poubelle_traitement_compress-768x576.png 768w, https:\/\/edis-afrique.org\/wp-content\/uploads\/2020\/01\/de_la_poubelle_traitement_compress-600x450.png 600w, https:\/\/edis-afrique.org\/wp-content\/uploads\/2020\/01\/de_la_poubelle_traitement_compress.png 1448w\" sizes=\"(max-width: 300px) 100vw, 300px\" \/><\/a>\n\t\t\t<\/div><\/figure><figure class='gallery-item'>\n\t\t\t<div class='gallery-icon landscape'>\n\t\t\t\t<a href='https:\/\/edis-afrique.org\/index.php\/2020\/01\/15\/de-la-poubelle-au-champ-la-seconde-vie-des-dechets-menagers\/de_la_poubelle_transformation_compress\/'><img decoding=\"async\" width=\"300\" height=\"225\" src=\"https:\/\/edis-afrique.org\/wp-content\/uploads\/2020\/01\/de_la_poubelle_transformation_compress-300x225.png\" class=\"attachment-medium size-medium\" alt=\"\" srcset=\"https:\/\/edis-afrique.org\/wp-content\/uploads\/2020\/01\/de_la_poubelle_transformation_compress-300x225.png 300w, https:\/\/edis-afrique.org\/wp-content\/uploads\/2020\/01\/de_la_poubelle_transformation_compress-1024x768.png 1024w, https:\/\/edis-afrique.org\/wp-content\/uploads\/2020\/01\/de_la_poubelle_transformation_compress-768x576.png 768w, https:\/\/edis-afrique.org\/wp-content\/uploads\/2020\/01\/de_la_poubelle_transformation_compress-600x450.png 600w, https:\/\/edis-afrique.org\/wp-content\/uploads\/2020\/01\/de_la_poubelle_transformation_compress.png 1448w\" sizes=\"(max-width: 300px) 100vw, 300px\" \/><\/a>\n\t\t\t<\/div><\/figure><figure class='gallery-item'>\n\t\t\t<div class='gallery-icon landscape'>\n\t\t\t\t<a href='https:\/\/edis-afrique.org\/index.php\/2020\/01\/15\/de-la-poubelle-au-champ-la-seconde-vie-des-dechets-menagers\/de_la_poubelle_valorisation_compress\/'><img loading=\"lazy\" decoding=\"async\" width=\"300\" height=\"225\" src=\"https:\/\/edis-afrique.org\/wp-content\/uploads\/2020\/01\/de_la_poubelle_valorisation_compress-300x225.png\" class=\"attachment-medium size-medium\" alt=\"\" srcset=\"https:\/\/edis-afrique.org\/wp-content\/uploads\/2020\/01\/de_la_poubelle_valorisation_compress-300x225.png 300w, https:\/\/edis-afrique.org\/wp-content\/uploads\/2020\/01\/de_la_poubelle_valorisation_compress-1024x768.png 1024w, https:\/\/edis-afrique.org\/wp-content\/uploads\/2020\/01\/de_la_poubelle_valorisation_compress-768x576.png 768w, https:\/\/edis-afrique.org\/wp-content\/uploads\/2020\/01\/de_la_poubelle_valorisation_compress-600x450.png 600w, https:\/\/edis-afrique.org\/wp-content\/uploads\/2020\/01\/de_la_poubelle_valorisation_compress.png 1448w\" sizes=\"(max-width: 300px) 100vw, 300px\" \/><\/a>\n\t\t\t<\/div><\/figure>\n\t\t<\/div>\n\n<h2>Pourquoi c&#8217;est important pour l&#8217;agriculture africaine<\/h2>\n<p>De nombreux sols agricoles africains s&#8217;appauvrissent sous l&#8217;effet de la monoculture intensive et du manque d&#8217;acc\u00e8s aux intrants. Un amendement issu du traitement des d\u00e9chets m\u00e9nagers repr\u00e9sente une source compl\u00e9mentaire, locale et \u00e0 moindre co\u00fbt, pour restaurer la fertilit\u00e9 des terres \u2014 sans d\u00e9pendre enti\u00e8rement des engrais chimiques import\u00e9s.<\/p>\n<h2>Une boucle vertueuse<\/h2>\n<p>Ce cycle illustre parfaitement la philosophie d&#8217;<strong>EDIS-AFRIQUE<\/strong> : ce qui sort des villes comme un probl\u00e8me peut revenir vers les campagnes comme une solution. Moins de d\u00e9chets stock\u00e9s, plus de ressources pour l&#8217;agriculture \u2014 un m\u00eame geste, deux b\u00e9n\u00e9fices.<\/p>\n<h4><strong>Curieux de savoir si cette solution est adapt\u00e9e \u00e0 votre territoire ? [<a href=\"#\" target=\"_blank\" rel=\"noopener\">Contactez notre \u00e9quipe \u2192<\/a>]<\/strong><\/h4>\n<p>&nbsp;<\/p>\n","protected":false},"excerpt":{"rendered":"<p>Et si les \u00e9pluchures, emballages et restes de repas d&#8217;aujourd&#8217;hui devenaient l&#8217;engrais qui nourrit les cultures de demain ? Voici comment un d\u00e9chet devient une ressource agricole.<\/p>\n","protected":false},"author":2,"featured_media":4635,"comment_status":"open","ping_status":"open","sticky":false,"template":"","format":"standard","meta":{"footnotes":""},"categories":[3],"tags":[7,8,9],"class_list":["post-159","post","type-post","status-publish","format-standard","has-post-thumbnail","hentry","category-traitement-des-dechets","tag-map","tag-tower","tag-truck"],"yoast_head":"<!-- This site is optimized with the Yoast SEO plugin v28.2 - https:\/\/yoast.com\/product\/yoast-seo-wordpress\/ -->\n<title>De la poubelle au champ : la seconde vie des d\u00e9chets m\u00e9nagers - EDIS-AFRIQUE<\/title>\n<meta name=\"robots\" content=\"index, follow, max-snippet:-1, max-image-preview:large, max-video-preview:-1\" \/>\n<link rel=\"canonical\" href=\"https:\/\/edis-afrique.org\/index.php\/2020\/01\/15\/de-la-poubelle-au-champ-la-seconde-vie-des-dechets-menagers\/\" \/>\n<meta property=\"og:locale\" content=\"en_US\" \/>\n<meta property=\"og:type\" content=\"article\" \/>\n<meta property=\"og:title\" content=\"De la poubelle au champ : la seconde vie des d\u00e9chets m\u00e9nagers - EDIS-AFRIQUE\" \/>\n<meta property=\"og:description\" content=\"Et si les \u00e9pluchures, emballages et restes de repas d&#039;aujourd&#039;hui devenaient l&#039;engrais qui nourrit les cultures de demain ? Voici comment un d\u00e9chet devient une ressource agricole.\" \/>\n<meta property=\"og:url\" content=\"https:\/\/edis-afrique.org\/index.php\/2020\/01\/15\/de-la-poubelle-au-champ-la-seconde-vie-des-dechets-menagers\/\" \/>\n<meta property=\"og:site_name\" content=\"EDIS-AFRIQUE\" \/>\n<meta property=\"article:published_time\" content=\"2020-01-15T02:32:05+00:00\" \/>\n<meta property=\"article:modified_time\" content=\"2026-08-11T15:38:50+00:00\" \/>\n<meta property=\"og:image\" content=\"https:\/\/edis-afrique.org\/wp-content\/uploads\/2020\/01\/de_la_poubelle_compress.png\" \/>\n\t<meta property=\"og:image:width\" content=\"1672\" \/>\n\t<meta property=\"og:image:height\" content=\"941\" \/>\n\t<meta property=\"og:image:type\" content=\"image\/png\" \/>\n<meta name=\"author\" content=\"R\u00e9daction\" \/>\n<meta name=\"twitter:card\" content=\"summary_large_image\" \/>\n<meta name=\"twitter:label1\" content=\"Written by\" \/>\n\t<meta name=\"twitter:data1\" content=\"R\u00e9daction\" \/>\n\t<meta name=\"twitter:label2\" content=\"Est. reading time\" \/>\n\t<meta name=\"twitter:data2\" content=\"2 minutes\" \/>\n<script type=\"application\/ld+json\" class=\"yoast-schema-graph\">{\"@context\":\"https:\\\/\\\/schema.org\",\"@graph\":[{\"@type\":\"Article\",\"@id\":\"https:\\\/\\\/edis-afrique.org\\\/index.php\\\/2020\\\/01\\\/15\\\/de-la-poubelle-au-champ-la-seconde-vie-des-dechets-menagers\\\/#article\",\"isPartOf\":{\"@id\":\"https:\\\/\\\/edis-afrique.org\\\/index.php\\\/2020\\\/01\\\/15\\\/de-la-poubelle-au-champ-la-seconde-vie-des-dechets-menagers\\\/\"},\"author\":{\"name\":\"R\u00e9daction\",\"@id\":\"https:\\\/\\\/edis-afrique.org\\\/#\\\/schema\\\/person\\\/8a7d8f64bd9f3e835e0a6ec11e60e6c0\"},\"headline\":\"De la poubelle au champ : la seconde vie des d\u00e9chets m\u00e9nagers\",\"datePublished\":\"2020-01-15T02:32:05+00:00\",\"dateModified\":\"2026-08-11T15:38:50+00:00\",\"mainEntityOfPage\":{\"@id\":\"https:\\\/\\\/edis-afrique.org\\\/index.php\\\/2020\\\/01\\\/15\\\/de-la-poubelle-au-champ-la-seconde-vie-des-dechets-menagers\\\/\"},\"wordCount\":317,\"commentCount\":2,\"image\":{\"@id\":\"https:\\\/\\\/edis-afrique.org\\\/index.php\\\/2020\\\/01\\\/15\\\/de-la-poubelle-au-champ-la-seconde-vie-des-dechets-menagers\\\/#primaryimage\"},\"thumbnailUrl\":\"https:\\\/\\\/edis-afrique.org\\\/wp-content\\\/uploads\\\/2020\\\/01\\\/de_la_poubelle_compress.png\",\"keywords\":[\"Map\",\"Tower\",\"Truck\"],\"articleSection\":[\"Traitement des d\u00e9chets\"],\"inLanguage\":\"en-US\",\"potentialAction\":[{\"@type\":\"CommentAction\",\"name\":\"Comment\",\"target\":[\"https:\\\/\\\/edis-afrique.org\\\/index.php\\\/2020\\\/01\\\/15\\\/de-la-poubelle-au-champ-la-seconde-vie-des-dechets-menagers\\\/#respond\"]}]},{\"@type\":\"WebPage\",\"@id\":\"https:\\\/\\\/edis-afrique.org\\\/index.php\\\/2020\\\/01\\\/15\\\/de-la-poubelle-au-champ-la-seconde-vie-des-dechets-menagers\\\/\",\"url\":\"https:\\\/\\\/edis-afrique.org\\\/index.php\\\/2020\\\/01\\\/15\\\/de-la-poubelle-au-champ-la-seconde-vie-des-dechets-menagers\\\/\",\"name\":\"De la poubelle au champ : la seconde vie des d\u00e9chets m\u00e9nagers - EDIS-AFRIQUE\",\"isPartOf\":{\"@id\":\"https:\\\/\\\/edis-afrique.org\\\/#website\"},\"primaryImageOfPage\":{\"@id\":\"https:\\\/\\\/edis-afrique.org\\\/index.php\\\/2020\\\/01\\\/15\\\/de-la-poubelle-au-champ-la-seconde-vie-des-dechets-menagers\\\/#primaryimage\"},\"image\":{\"@id\":\"https:\\\/\\\/edis-afrique.org\\\/index.php\\\/2020\\\/01\\\/15\\\/de-la-poubelle-au-champ-la-seconde-vie-des-dechets-menagers\\\/#primaryimage\"},\"thumbnailUrl\":\"https:\\\/\\\/edis-afrique.org\\\/wp-content\\\/uploads\\\/2020\\\/01\\\/de_la_poubelle_compress.png\",\"datePublished\":\"2020-01-15T02:32:05+00:00\",\"dateModified\":\"2026-08-11T15:38:50+00:00\",\"author\":{\"@id\":\"https:\\\/\\\/edis-afrique.org\\\/#\\\/schema\\\/person\\\/8a7d8f64bd9f3e835e0a6ec11e60e6c0\"},\"breadcrumb\":{\"@id\":\"https:\\\/\\\/edis-afrique.org\\\/index.php\\\/2020\\\/01\\\/15\\\/de-la-poubelle-au-champ-la-seconde-vie-des-dechets-menagers\\\/#breadcrumb\"},\"inLanguage\":\"en-US\",\"potentialAction\":[{\"@type\":\"ReadAction\",\"target\":[\"https:\\\/\\\/edis-afrique.org\\\/index.php\\\/2020\\\/01\\\/15\\\/de-la-poubelle-au-champ-la-seconde-vie-des-dechets-menagers\\\/\"]}]},{\"@type\":\"ImageObject\",\"inLanguage\":\"en-US\",\"@id\":\"https:\\\/\\\/edis-afrique.org\\\/index.php\\\/2020\\\/01\\\/15\\\/de-la-poubelle-au-champ-la-seconde-vie-des-dechets-menagers\\\/#primaryimage\",\"url\":\"https:\\\/\\\/edis-afrique.org\\\/wp-content\\\/uploads\\\/2020\\\/01\\\/de_la_poubelle_compress.png\",\"contentUrl\":\"https:\\\/\\\/edis-afrique.org\\\/wp-content\\\/uploads\\\/2020\\\/01\\\/de_la_poubelle_compress.png\",\"width\":1672,\"height\":941},{\"@type\":\"BreadcrumbList\",\"@id\":\"https:\\\/\\\/edis-afrique.org\\\/index.php\\\/2020\\\/01\\\/15\\\/de-la-poubelle-au-champ-la-seconde-vie-des-dechets-menagers\\\/#breadcrumb\",\"itemListElement\":[{\"@type\":\"ListItem\",\"position\":1,\"name\":\"Home\",\"item\":\"https:\\\/\\\/edis-afrique.org\\\/\"},{\"@type\":\"ListItem\",\"position\":2,\"name\":\"De la poubelle au champ : la seconde vie des d\u00e9chets m\u00e9nagers\"}]},{\"@type\":\"WebSite\",\"@id\":\"https:\\\/\\\/edis-afrique.org\\\/#website\",\"url\":\"https:\\\/\\\/edis-afrique.org\\\/\",\"name\":\"EDIS-AFRIQUE\",\"description\":\"Transformer les d\u00e9chets en opportunit\u00e9s pour l&#039;Afrique.\",\"potentialAction\":[{\"@type\":\"SearchAction\",\"target\":{\"@type\":\"EntryPoint\",\"urlTemplate\":\"https:\\\/\\\/edis-afrique.org\\\/?s={search_term_string}\"},\"query-input\":{\"@type\":\"PropertyValueSpecification\",\"valueRequired\":true,\"valueName\":\"search_term_string\"}}],\"inLanguage\":\"en-US\"},{\"@type\":\"Person\",\"@id\":\"https:\\\/\\\/edis-afrique.org\\\/#\\\/schema\\\/person\\\/8a7d8f64bd9f3e835e0a6ec11e60e6c0\",\"name\":\"R\u00e9daction\",\"image\":{\"@type\":\"ImageObject\",\"inLanguage\":\"en-US\",\"@id\":\"https:\\\/\\\/secure.gravatar.com\\\/avatar\\\/6fff984843b7a7e5ff6deb05ebb1da542bb46019aa77b93e409cbadc5b05533e?s=96&d=mm&r=g\",\"url\":\"https:\\\/\\\/secure.gravatar.com\\\/avatar\\\/6fff984843b7a7e5ff6deb05ebb1da542bb46019aa77b93e409cbadc5b05533e?s=96&d=mm&r=g\",\"contentUrl\":\"https:\\\/\\\/secure.gravatar.com\\\/avatar\\\/6fff984843b7a7e5ff6deb05ebb1da542bb46019aa77b93e409cbadc5b05533e?s=96&d=mm&r=g\",\"caption\":\"R\u00e9daction\"},\"sameAs\":[\"https:\\\/\\\/edis-afrique.org\"],\"url\":\"https:\\\/\\\/edis-afrique.org\\\/index.php\\\/author\\\/redaction\\\/\"}]}<\/script>\n<!-- \/ Yoast SEO plugin. -->","yoast_head_json":{"title":"De la poubelle au champ : la seconde vie des d\u00e9chets m\u00e9nagers - EDIS-AFRIQUE","robots":{"index":"index","follow":"follow","max-snippet":"max-snippet:-1","max-image-preview":"max-image-preview:large","max-video-preview":"max-video-preview:-1"},"canonical":"https:\/\/edis-afrique.org\/index.php\/2020\/01\/15\/de-la-poubelle-au-champ-la-seconde-vie-des-dechets-menagers\/","og_locale":"en_US","og_type":"article","og_title":"De la poubelle au champ : la seconde vie des d\u00e9chets m\u00e9nagers - EDIS-AFRIQUE","og_description":"Et si les \u00e9pluchures, emballages et restes de repas d'aujourd'hui devenaient l'engrais qui nourrit les cultures de demain ? Voici comment un d\u00e9chet devient une ressource agricole.","og_url":"https:\/\/edis-afrique.org\/index.php\/2020\/01\/15\/de-la-poubelle-au-champ-la-seconde-vie-des-dechets-menagers\/","og_site_name":"EDIS-AFRIQUE","article_published_time":"2020-01-15T02:32:05+00:00","article_modified_time":"2026-08-11T15:38:50+00:00","og_image":[{"width":1672,"height":941,"url":"https:\/\/edis-afrique.org\/wp-content\/uploads\/2020\/01\/de_la_poubelle_compress.png","type":"image\/png"}],"author":"R\u00e9daction","twitter_card":"summary_large_image","twitter_misc":{"Written by":"R\u00e9daction","Est. reading time":"2 minutes"},"schema":{"@context":"https:\/\/schema.org","@graph":[{"@type":"Article","@id":"https:\/\/edis-afrique.org\/index.php\/2020\/01\/15\/de-la-poubelle-au-champ-la-seconde-vie-des-dechets-menagers\/#article","isPartOf":{"@id":"https:\/\/edis-afrique.org\/index.php\/2020\/01\/15\/de-la-poubelle-au-champ-la-seconde-vie-des-dechets-menagers\/"},"author":{"name":"R\u00e9daction","@id":"https:\/\/edis-afrique.org\/#\/schema\/person\/8a7d8f64bd9f3e835e0a6ec11e60e6c0"},"headline":"De la poubelle au champ : la seconde vie des d\u00e9chets m\u00e9nagers","datePublished":"2020-01-15T02:32:05+00:00","dateModified":"2026-08-11T15:38:50+00:00","mainEntityOfPage":{"@id":"https:\/\/edis-afrique.org\/index.php\/2020\/01\/15\/de-la-poubelle-au-champ-la-seconde-vie-des-dechets-menagers\/"},"wordCount":317,"commentCount":2,"image":{"@id":"https:\/\/edis-afrique.org\/index.php\/2020\/01\/15\/de-la-poubelle-au-champ-la-seconde-vie-des-dechets-menagers\/#primaryimage"},"thumbnailUrl":"https:\/\/edis-afrique.org\/wp-content\/uploads\/2020\/01\/de_la_poubelle_compress.png","keywords":["Map","Tower","Truck"],"articleSection":["Traitement des d\u00e9chets"],"inLanguage":"en-US","potentialAction":[{"@type":"CommentAction","name":"Comment","target":["https:\/\/edis-afrique.org\/index.php\/2020\/01\/15\/de-la-poubelle-au-champ-la-seconde-vie-des-dechets-menagers\/#respond"]}]},{"@type":"WebPage","@id":"https:\/\/edis-afrique.org\/index.php\/2020\/01\/15\/de-la-poubelle-au-champ-la-seconde-vie-des-dechets-menagers\/","url":"https:\/\/edis-afrique.org\/index.php\/2020\/01\/15\/de-la-poubelle-au-champ-la-seconde-vie-des-dechets-menagers\/","name":"De la poubelle au champ : la seconde vie des d\u00e9chets m\u00e9nagers - EDIS-AFRIQUE","isPartOf":{"@id":"https:\/\/edis-afrique.org\/#website"},"primaryImageOfPage":{"@id":"https:\/\/edis-afrique.org\/index.php\/2020\/01\/15\/de-la-poubelle-au-champ-la-seconde-vie-des-dechets-menagers\/#primaryimage"},"image":{"@id":"https:\/\/edis-afrique.org\/index.php\/2020\/01\/15\/de-la-poubelle-au-champ-la-seconde-vie-des-dechets-menagers\/#primaryimage"},"thumbnailUrl":"https:\/\/edis-afrique.org\/wp-content\/uploads\/2020\/01\/de_la_poubelle_compress.png","datePublished":"2020-01-15T02:32:05+00:00","dateModified":"2026-08-11T15:38:50+00:00","author":{"@id":"https:\/\/edis-afrique.org\/#\/schema\/person\/8a7d8f64bd9f3e835e0a6ec11e60e6c0"},"breadcrumb":{"@id":"https:\/\/edis-afrique.org\/index.php\/2020\/01\/15\/de-la-poubelle-au-champ-la-seconde-vie-des-dechets-menagers\/#breadcrumb"},"inLanguage":"en-US","potentialAction":[{"@type":"ReadAction","target":["https:\/\/edis-afrique.org\/index.php\/2020\/01\/15\/de-la-poubelle-au-champ-la-seconde-vie-des-dechets-menagers\/"]}]},{"@type":"ImageObject","inLanguage":"en-US","@id":"https:\/\/edis-afrique.org\/index.php\/2020\/01\/15\/de-la-poubelle-au-champ-la-seconde-vie-des-dechets-menagers\/#primaryimage","url":"https:\/\/edis-afrique.org\/wp-content\/uploads\/2020\/01\/de_la_poubelle_compress.png","contentUrl":"https:\/\/edis-afrique.org\/wp-content\/uploads\/2020\/01\/de_la_poubelle_compress.png","width":1672,"height":941},{"@type":"BreadcrumbList","@id":"https:\/\/edis-afrique.org\/index.php\/2020\/01\/15\/de-la-poubelle-au-champ-la-seconde-vie-des-dechets-menagers\/#breadcrumb","itemListElement":[{"@type":"ListItem","position":1,"name":"Home","item":"https:\/\/edis-afrique.org\/"},{"@type":"ListItem","position":2,"name":"De la poubelle au champ : la seconde vie des d\u00e9chets m\u00e9nagers"}]},{"@type":"WebSite","@id":"https:\/\/edis-afrique.org\/#website","url":"https:\/\/edis-afrique.org\/","name":"EDIS-AFRIQUE","description":"Transformer les d\u00e9chets en opportunit\u00e9s pour l&#039;Afrique.","potentialAction":[{"@type":"SearchAction","target":{"@type":"EntryPoint","urlTemplate":"https:\/\/edis-afrique.org\/?s={search_term_string}"},"query-input":{"@type":"PropertyValueSpecification","valueRequired":true,"valueName":"search_term_string"}}],"inLanguage":"en-US"},{"@type":"Person","@id":"https:\/\/edis-afrique.org\/#\/schema\/person\/8a7d8f64bd9f3e835e0a6ec11e60e6c0","name":"R\u00e9daction","image":{"@type":"ImageObject","inLanguage":"en-US","@id":"https:\/\/secure.gravatar.com\/avatar\/6fff984843b7a7e5ff6deb05ebb1da542bb46019aa77b93e409cbadc5b05533e?s=96&d=mm&r=g","url":"https:\/\/secure.gravatar.com\/avatar\/6fff984843b7a7e5ff6deb05ebb1da542bb46019aa77b93e409cbadc5b05533e?s=96&d=mm&r=g","contentUrl":"https:\/\/secure.gravatar.com\/avatar\/6fff984843b7a7e5ff6deb05ebb1da542bb46019aa77b93e409cbadc5b05533e?s=96&d=mm&r=g","caption":"R\u00e9daction"},"sameAs":["https:\/\/edis-afrique.org"],"url":"https:\/\/edis-afrique.org\/index.php\/author\/redaction\/"}]}},"_links":{"self":[{"href":"https:\/\/edis-afrique.org\/index.php\/wp-json\/wp\/v2\/posts\/159","targetHints":{"allow":["GET"]}}],"collection":[{"href":"https:\/\/edis-afrique.org\/index.php\/wp-json\/wp\/v2\/posts"}],"about":[{"href":"https:\/\/edis-afrique.org\/index.php\/wp-json\/wp\/v2\/types\/post"}],"author":[{"embeddable":true,"href":"https:\/\/edis-afrique.org\/index.php\/wp-json\/wp\/v2\/users\/2"}],"replies":[{"embeddable":true,"href":"https:\/\/edis-afrique.org\/index.php\/wp-json\/wp\/v2\/comments?post=159"}],"version-history":[{"count":2,"href":"https:\/\/edis-afrique.org\/index.php\/wp-json\/wp\/v2\/posts\/159\/revisions"}],"predecessor-version":[{"id":4642,"href":"https:\/\/edis-afrique.org\/index.php\/wp-json\/wp\/v2\/posts\/159\/revisions\/4642"}],"wp:featuredmedia":[{"embeddable":true,"href":"https:\/\/edis-afrique.org\/index.php\/wp-json\/wp\/v2\/media\/4635"}],"wp:attachment":[{"href":"https:\/\/edis-afrique.org\/index.php\/wp-json\/wp\/v2\/media?parent=159"}],"wp:term":[{"taxonomy":"category","embeddable":true,"href":"https:\/\/edis-afrique.org\/index.php\/wp-json\/wp\/v2\/categories?post=159"},{"taxonomy":"post_tag","embeddable":true,"href":"https:\/\/edis-afrique.org\/index.php\/wp-json\/wp\/v2\/tags?post=159"}],"curies":[{"name":"wp","href":"https:\/\/api.w.org\/{rel}","templated":true}]}}