{"id":161,"date":"2024-01-27T15:32:00","date_gmt":"2024-01-27T14:32:00","guid":{"rendered":"http:\/\/localhost\/ctthemes\/csuti\/?p=161"},"modified":"2026-08-11T17:39:45","modified_gmt":"2026-08-11T15:39:45","slug":"une-rencontre-strategique-au-service-de-lindustrialisation-durable-de-la-republique-democratique-du-congo","status":"publish","type":"post","link":"https:\/\/edis-afrique.org\/index.php\/2024\/01\/27\/une-rencontre-strategique-au-service-de-lindustrialisation-durable-de-la-republique-democratique-du-congo\/","title":{"rendered":"Une rencontre strat\u00e9gique au service de l&#8217;industrialisation durable de la R\u00e9publique D\u00e9mocratique du Congo"},"content":{"rendered":"<p>Dans le cadre du d\u00e9veloppement de solutions innovantes de gestion et de valorisation des d\u00e9chets en R\u00e9publique D\u00e9mocratique du Congo, une s\u00e9ance de travail de haut niveau s&#8217;est tenue entre <strong>Monsieur Julien Paluku Kahongya, Ministre de l&#8217;Industrie de la R\u00e9publique D\u00e9mocratique du Congo<\/strong>, et une d\u00e9l\u00e9gation d&#8217;<strong>EDIS-AFRIQUE<\/strong> conduite par <strong>Monsieur Max Dezier, Pr\u00e9sident du Groupe EDIS-AFRIQUE et concepteur du proc\u00e9d\u00e9 CALCIOR\u00ae<\/strong>, accompagn\u00e9 de son collaborateur <strong>Monsieur Jacques Descrot<\/strong>.<\/p>\n<p class=\"PDq2pG_selectionAnchorContainer\" data-start=\"909\" data-end=\"1118\">Cette rencontre a permis de pr\u00e9senter la vision d&#8217;EDIS-AFRIQUE pour accompagner la transformation industrielle du pays gr\u00e2ce \u00e0 des technologies de pointe d\u00e9di\u00e9es au traitement et \u00e0 la valorisation des d\u00e9chets.<\/p>\n<p data-start=\"1120\" data-end=\"1419\">Les \u00e9changes ont port\u00e9 sur les opportunit\u00e9s offertes par le proc\u00e9d\u00e9 <strong data-start=\"1188\" data-end=\"1200\">CALCIOR\u00ae<\/strong>, une technologie de min\u00e9ralisation con\u00e7ue pour contribuer \u00e0 une gestion plus durable des d\u00e9chets, \u00e0 la valorisation des mati\u00e8res r\u00e9cup\u00e9r\u00e9es et au d\u00e9veloppement d&#8217;une \u00e9conomie circulaire adapt\u00e9e aux r\u00e9alit\u00e9s africaines.<\/p>\n<p data-start=\"1421\" data-end=\"1715\">Au cours de cette r\u00e9union, la d\u00e9l\u00e9gation d&#8217;EDIS-AFRIQUE a pr\u00e9sent\u00e9 son approche globale, qui couvre l&#8217;\u00e9tude, la conception, la fourniture des \u00e9quipements, l&#8217;installation, la mise en service, la formation des \u00e9quipes locales et l&#8217;accompagnement technique des projets de valorisation des d\u00e9chets.<\/p>\n<p data-start=\"1717\" data-end=\"1987\">Cette rencontre illustre la volont\u00e9 commune de promouvoir des solutions industrielles innovantes capables de soutenir les politiques publiques en mati\u00e8re d&#8217;assainissement, de protection de l&#8217;environnement, de cr\u00e9ation de valeur \u00e9conomique et de d\u00e9veloppement industriel.<\/p>\n<p data-start=\"1989\" data-end=\"2292\">En favorisant le dialogue entre les pouvoirs publics et les acteurs technologiques internationaux, EDIS-AFRIQUE r\u00e9affirme son ambition de devenir un partenaire strat\u00e9gique des \u00c9tats africains dans la mise en \u0153uvre d&#8217;infrastructures modernes d\u00e9di\u00e9es \u00e0 la transition \u00e9cologique et \u00e0 l&#8217;\u00e9conomie circulaire.<\/p>\n<blockquote>\n<p data-start=\"1989\" data-end=\"2292\"><strong>L&#8217;avenir de l&#8217;industrie environnementale en Afrique repose sur l&#8217;innovation, le transfert de technologies et des partenariats solides entre les institutions publiques et les acteurs industriels<\/strong>.<\/p>\n<\/blockquote>\n<div style=\"width: 640px;\" class=\"wp-video\"><video class=\"wp-video-shortcode\" id=\"video-161-1\" width=\"640\" height=\"360\" autoplay preload=\"metadata\" controls=\"controls\"><source type=\"video\/mp4\" src=\"http:\/\/localhost\/site_edis\/wp-content\/uploads\/2020\/03\/WhatsApp-Video-2026-07-15-at-13.59.19.mp4?_=1\" \/><a href=\"http:\/\/localhost\/site_edis\/wp-content\/uploads\/2020\/03\/WhatsApp-Video-2026-07-15-at-13.59.19.mp4\">http:\/\/localhost\/site_edis\/wp-content\/uploads\/2020\/03\/WhatsApp-Video-2026-07-15-at-13.59.19.mp4<\/a><\/video><\/div>\n<blockquote><p><strong data-start=\"2695\" data-end=\"2725\">Rencontre institutionnelle<\/strong><br data-start=\"2725\" data-end=\"2728\" \/><strong data-start=\"2730\" data-end=\"2777\">Kinshasa \u2013 R\u00e9publique D\u00e9mocratique du Congo<\/strong><br data-start=\"2777\" data-end=\"2780\" \/>R\u00e9union de travail entre <strong data-start=\"2807\" data-end=\"2906\">Monsieur Julien Paluku Kahongya, Ministre de l&#8217;Industrie de la R\u00e9publique D\u00e9mocratique du Congo<\/strong>, et la d\u00e9l\u00e9gation d&#8217;<strong data-start=\"2927\" data-end=\"2943\">EDIS-AFRIQUE<\/strong>, conduite par <strong data-start=\"2958\" data-end=\"3049\">Monsieur Max Dezier, Pr\u00e9sident du Groupe EDIS-AFRIQUE et concepteur du proc\u00e9d\u00e9 CALCIOR\u00ae<\/strong>, accompagn\u00e9 de <strong data-start=\"3065\" data-end=\"3093\">Monsieur Jacques Descrot<\/strong>. Les \u00e9changes ont port\u00e9 sur les perspectives de coop\u00e9ration en mati\u00e8re de traitement et de valorisation des d\u00e9chets, de transfert de technologies et de d\u00e9veloppement d&#8217;infrastructures environnementales au service de l&#8217;industrialisation durable de la RDC.<\/p><\/blockquote>\n","protected":false},"excerpt":{"rendered":"<p>Dans le cadre du d\u00e9veloppement de solutions innovantes de gestion et de valorisation des d\u00e9chets en R\u00e9publique D\u00e9mocratique du Congo, une s\u00e9ance de travail de haut niveau s&#8217;est tenue<\/p>\n","protected":false},"author":2,"featured_media":4511,"comment_status":"closed","ping_status":"closed","sticky":false,"template":"","format":"standard","meta":{"footnotes":""},"categories":[3],"tags":[5,7,9],"class_list":["post-161","post","type-post","status-publish","format-standard","has-post-thumbnail","hentry","category-traitement-des-dechets","tag-builder","tag-map","tag-truck"],"yoast_head":"<!-- This site is optimized with the Yoast SEO plugin v28.2 - https:\/\/yoast.com\/product\/yoast-seo-wordpress\/ -->\n<title>Une rencontre strat\u00e9gique au service de l&#039;industrialisation durable de la R\u00e9publique D\u00e9mocratique du Congo - EDIS-AFRIQUE<\/title>\n<meta name=\"robots\" content=\"index, follow, max-snippet:-1, max-image-preview:large, max-video-preview:-1\" \/>\n<link rel=\"canonical\" href=\"https:\/\/edis-afrique.org\/index.php\/2024\/01\/27\/une-rencontre-strategique-au-service-de-lindustrialisation-durable-de-la-republique-democratique-du-congo\/\" \/>\n<meta property=\"og:locale\" content=\"en_US\" \/>\n<meta property=\"og:type\" content=\"article\" \/>\n<meta property=\"og:title\" content=\"Une rencontre strat\u00e9gique au service de l&#039;industrialisation durable de la R\u00e9publique D\u00e9mocratique du Congo - EDIS-AFRIQUE\" \/>\n<meta property=\"og:description\" content=\"Dans le cadre du d\u00e9veloppement de solutions innovantes de gestion et de valorisation des d\u00e9chets en R\u00e9publique D\u00e9mocratique du Congo, une s\u00e9ance de travail de haut niveau s&#039;est tenue\" \/>\n<meta property=\"og:url\" content=\"https:\/\/edis-afrique.org\/index.php\/2024\/01\/27\/une-rencontre-strategique-au-service-de-lindustrialisation-durable-de-la-republique-democratique-du-congo\/\" \/>\n<meta property=\"og:site_name\" content=\"EDIS-AFRIQUE\" \/>\n<meta property=\"article:published_time\" content=\"2024-01-27T14:32:00+00:00\" \/>\n<meta property=\"article:modified_time\" content=\"2026-08-11T15:39:45+00:00\" \/>\n<meta property=\"og:image\" content=\"https:\/\/edis-afrique.org\/wp-content\/uploads\/2026\/08\/SEM-Mr.-Julien-Paluku.png\" \/>\n\t<meta property=\"og:image:width\" content=\"1621\" \/>\n\t<meta property=\"og:image:height\" content=\"910\" \/>\n\t<meta property=\"og:image:type\" content=\"image\/png\" \/>\n<meta name=\"author\" content=\"R\u00e9daction\" \/>\n<meta name=\"twitter:card\" content=\"summary_large_image\" \/>\n<meta name=\"twitter:label1\" content=\"Written by\" \/>\n\t<meta name=\"twitter:data1\" content=\"R\u00e9daction\" \/>\n\t<meta name=\"twitter:label2\" content=\"Est. reading time\" \/>\n\t<meta name=\"twitter:data2\" content=\"2 minutes\" \/>\n<script type=\"application\/ld+json\" class=\"yoast-schema-graph\">{\"@context\":\"https:\\\/\\\/schema.org\",\"@graph\":[{\"@type\":\"Article\",\"@id\":\"https:\\\/\\\/edis-afrique.org\\\/index.php\\\/2024\\\/01\\\/27\\\/une-rencontre-strategique-au-service-de-lindustrialisation-durable-de-la-republique-democratique-du-congo\\\/#article\",\"isPartOf\":{\"@id\":\"https:\\\/\\\/edis-afrique.org\\\/index.php\\\/2024\\\/01\\\/27\\\/une-rencontre-strategique-au-service-de-lindustrialisation-durable-de-la-republique-democratique-du-congo\\\/\"},\"author\":{\"name\":\"R\u00e9daction\",\"@id\":\"https:\\\/\\\/edis-afrique.org\\\/#\\\/schema\\\/person\\\/8a7d8f64bd9f3e835e0a6ec11e60e6c0\"},\"headline\":\"Une rencontre strat\u00e9gique au service de l&#8217;industrialisation durable de la R\u00e9publique D\u00e9mocratique du Congo\",\"datePublished\":\"2024-01-27T14:32:00+00:00\",\"dateModified\":\"2026-08-11T15:39:45+00:00\",\"mainEntityOfPage\":{\"@id\":\"https:\\\/\\\/edis-afrique.org\\\/index.php\\\/2024\\\/01\\\/27\\\/une-rencontre-strategique-au-service-de-lindustrialisation-durable-de-la-republique-democratique-du-congo\\\/\"},\"wordCount\":468,\"image\":{\"@id\":\"https:\\\/\\\/edis-afrique.org\\\/index.php\\\/2024\\\/01\\\/27\\\/une-rencontre-strategique-au-service-de-lindustrialisation-durable-de-la-republique-democratique-du-congo\\\/#primaryimage\"},\"thumbnailUrl\":\"https:\\\/\\\/edis-afrique.org\\\/wp-content\\\/uploads\\\/2026\\\/08\\\/SEM-Mr.-Julien-Paluku.png\",\"keywords\":[\"Builder\",\"Map\",\"Truck\"],\"articleSection\":[\"Traitement des d\u00e9chets\"],\"inLanguage\":\"en-US\"},{\"@type\":\"WebPage\",\"@id\":\"https:\\\/\\\/edis-afrique.org\\\/index.php\\\/2024\\\/01\\\/27\\\/une-rencontre-strategique-au-service-de-lindustrialisation-durable-de-la-republique-democratique-du-congo\\\/\",\"url\":\"https:\\\/\\\/edis-afrique.org\\\/index.php\\\/2024\\\/01\\\/27\\\/une-rencontre-strategique-au-service-de-lindustrialisation-durable-de-la-republique-democratique-du-congo\\\/\",\"name\":\"Une rencontre strat\u00e9gique au service de l'industrialisation durable de la R\u00e9publique D\u00e9mocratique du Congo - EDIS-AFRIQUE\",\"isPartOf\":{\"@id\":\"https:\\\/\\\/edis-afrique.org\\\/#website\"},\"primaryImageOfPage\":{\"@id\":\"https:\\\/\\\/edis-afrique.org\\\/index.php\\\/2024\\\/01\\\/27\\\/une-rencontre-strategique-au-service-de-lindustrialisation-durable-de-la-republique-democratique-du-congo\\\/#primaryimage\"},\"image\":{\"@id\":\"https:\\\/\\\/edis-afrique.org\\\/index.php\\\/2024\\\/01\\\/27\\\/une-rencontre-strategique-au-service-de-lindustrialisation-durable-de-la-republique-democratique-du-congo\\\/#primaryimage\"},\"thumbnailUrl\":\"https:\\\/\\\/edis-afrique.org\\\/wp-content\\\/uploads\\\/2026\\\/08\\\/SEM-Mr.-Julien-Paluku.png\",\"datePublished\":\"2024-01-27T14:32:00+00:00\",\"dateModified\":\"2026-08-11T15:39:45+00:00\",\"author\":{\"@id\":\"https:\\\/\\\/edis-afrique.org\\\/#\\\/schema\\\/person\\\/8a7d8f64bd9f3e835e0a6ec11e60e6c0\"},\"breadcrumb\":{\"@id\":\"https:\\\/\\\/edis-afrique.org\\\/index.php\\\/2024\\\/01\\\/27\\\/une-rencontre-strategique-au-service-de-lindustrialisation-durable-de-la-republique-democratique-du-congo\\\/#breadcrumb\"},\"inLanguage\":\"en-US\",\"potentialAction\":[{\"@type\":\"ReadAction\",\"target\":[\"https:\\\/\\\/edis-afrique.org\\\/index.php\\\/2024\\\/01\\\/27\\\/une-rencontre-strategique-au-service-de-lindustrialisation-durable-de-la-republique-democratique-du-congo\\\/\"]}]},{\"@type\":\"ImageObject\",\"inLanguage\":\"en-US\",\"@id\":\"https:\\\/\\\/edis-afrique.org\\\/index.php\\\/2024\\\/01\\\/27\\\/une-rencontre-strategique-au-service-de-lindustrialisation-durable-de-la-republique-democratique-du-congo\\\/#primaryimage\",\"url\":\"https:\\\/\\\/edis-afrique.org\\\/wp-content\\\/uploads\\\/2026\\\/08\\\/SEM-Mr.-Julien-Paluku.png\",\"contentUrl\":\"https:\\\/\\\/edis-afrique.org\\\/wp-content\\\/uploads\\\/2026\\\/08\\\/SEM-Mr.-Julien-Paluku.png\",\"width\":1621,\"height\":910},{\"@type\":\"BreadcrumbList\",\"@id\":\"https:\\\/\\\/edis-afrique.org\\\/index.php\\\/2024\\\/01\\\/27\\\/une-rencontre-strategique-au-service-de-lindustrialisation-durable-de-la-republique-democratique-du-congo\\\/#breadcrumb\",\"itemListElement\":[{\"@type\":\"ListItem\",\"position\":1,\"name\":\"Home\",\"item\":\"https:\\\/\\\/edis-afrique.org\\\/\"},{\"@type\":\"ListItem\",\"position\":2,\"name\":\"Une rencontre strat\u00e9gique au service de l&#8217;industrialisation durable de la R\u00e9publique D\u00e9mocratique du Congo\"}]},{\"@type\":\"WebSite\",\"@id\":\"https:\\\/\\\/edis-afrique.org\\\/#website\",\"url\":\"https:\\\/\\\/edis-afrique.org\\\/\",\"name\":\"EDIS-AFRIQUE\",\"description\":\"Transformer les d\u00e9chets en opportunit\u00e9s pour l&#039;Afrique.\",\"potentialAction\":[{\"@type\":\"SearchAction\",\"target\":{\"@type\":\"EntryPoint\",\"urlTemplate\":\"https:\\\/\\\/edis-afrique.org\\\/?s={search_term_string}\"},\"query-input\":{\"@type\":\"PropertyValueSpecification\",\"valueRequired\":true,\"valueName\":\"search_term_string\"}}],\"inLanguage\":\"en-US\"},{\"@type\":\"Person\",\"@id\":\"https:\\\/\\\/edis-afrique.org\\\/#\\\/schema\\\/person\\\/8a7d8f64bd9f3e835e0a6ec11e60e6c0\",\"name\":\"R\u00e9daction\",\"image\":{\"@type\":\"ImageObject\",\"inLanguage\":\"en-US\",\"@id\":\"https:\\\/\\\/secure.gravatar.com\\\/avatar\\\/6fff984843b7a7e5ff6deb05ebb1da542bb46019aa77b93e409cbadc5b05533e?s=96&d=mm&r=g\",\"url\":\"https:\\\/\\\/secure.gravatar.com\\\/avatar\\\/6fff984843b7a7e5ff6deb05ebb1da542bb46019aa77b93e409cbadc5b05533e?s=96&d=mm&r=g\",\"contentUrl\":\"https:\\\/\\\/secure.gravatar.com\\\/avatar\\\/6fff984843b7a7e5ff6deb05ebb1da542bb46019aa77b93e409cbadc5b05533e?s=96&d=mm&r=g\",\"caption\":\"R\u00e9daction\"},\"sameAs\":[\"https:\\\/\\\/edis-afrique.org\"],\"url\":\"https:\\\/\\\/edis-afrique.org\\\/index.php\\\/author\\\/redaction\\\/\"}]}<\/script>\n<!-- \/ Yoast SEO plugin. -->","yoast_head_json":{"title":"Une rencontre strat\u00e9gique au service de l'industrialisation durable de la R\u00e9publique D\u00e9mocratique du Congo - EDIS-AFRIQUE","robots":{"index":"index","follow":"follow","max-snippet":"max-snippet:-1","max-image-preview":"max-image-preview:large","max-video-preview":"max-video-preview:-1"},"canonical":"https:\/\/edis-afrique.org\/index.php\/2024\/01\/27\/une-rencontre-strategique-au-service-de-lindustrialisation-durable-de-la-republique-democratique-du-congo\/","og_locale":"en_US","og_type":"article","og_title":"Une rencontre strat\u00e9gique au service de l'industrialisation durable de la R\u00e9publique D\u00e9mocratique du Congo - EDIS-AFRIQUE","og_description":"Dans le cadre du d\u00e9veloppement de solutions innovantes de gestion et de valorisation des d\u00e9chets en R\u00e9publique D\u00e9mocratique du Congo, une s\u00e9ance de travail de haut niveau s'est tenue","og_url":"https:\/\/edis-afrique.org\/index.php\/2024\/01\/27\/une-rencontre-strategique-au-service-de-lindustrialisation-durable-de-la-republique-democratique-du-congo\/","og_site_name":"EDIS-AFRIQUE","article_published_time":"2024-01-27T14:32:00+00:00","article_modified_time":"2026-08-11T15:39:45+00:00","og_image":[{"width":1621,"height":910,"url":"https:\/\/edis-afrique.org\/wp-content\/uploads\/2026\/08\/SEM-Mr.-Julien-Paluku.png","type":"image\/png"}],"author":"R\u00e9daction","twitter_card":"summary_large_image","twitter_misc":{"Written by":"R\u00e9daction","Est. reading time":"2 minutes"},"schema":{"@context":"https:\/\/schema.org","@graph":[{"@type":"Article","@id":"https:\/\/edis-afrique.org\/index.php\/2024\/01\/27\/une-rencontre-strategique-au-service-de-lindustrialisation-durable-de-la-republique-democratique-du-congo\/#article","isPartOf":{"@id":"https:\/\/edis-afrique.org\/index.php\/2024\/01\/27\/une-rencontre-strategique-au-service-de-lindustrialisation-durable-de-la-republique-democratique-du-congo\/"},"author":{"name":"R\u00e9daction","@id":"https:\/\/edis-afrique.org\/#\/schema\/person\/8a7d8f64bd9f3e835e0a6ec11e60e6c0"},"headline":"Une rencontre strat\u00e9gique au service de l&#8217;industrialisation durable de la R\u00e9publique D\u00e9mocratique du Congo","datePublished":"2024-01-27T14:32:00+00:00","dateModified":"2026-08-11T15:39:45+00:00","mainEntityOfPage":{"@id":"https:\/\/edis-afrique.org\/index.php\/2024\/01\/27\/une-rencontre-strategique-au-service-de-lindustrialisation-durable-de-la-republique-democratique-du-congo\/"},"wordCount":468,"image":{"@id":"https:\/\/edis-afrique.org\/index.php\/2024\/01\/27\/une-rencontre-strategique-au-service-de-lindustrialisation-durable-de-la-republique-democratique-du-congo\/#primaryimage"},"thumbnailUrl":"https:\/\/edis-afrique.org\/wp-content\/uploads\/2026\/08\/SEM-Mr.-Julien-Paluku.png","keywords":["Builder","Map","Truck"],"articleSection":["Traitement des d\u00e9chets"],"inLanguage":"en-US"},{"@type":"WebPage","@id":"https:\/\/edis-afrique.org\/index.php\/2024\/01\/27\/une-rencontre-strategique-au-service-de-lindustrialisation-durable-de-la-republique-democratique-du-congo\/","url":"https:\/\/edis-afrique.org\/index.php\/2024\/01\/27\/une-rencontre-strategique-au-service-de-lindustrialisation-durable-de-la-republique-democratique-du-congo\/","name":"Une rencontre strat\u00e9gique au service de l'industrialisation durable de la R\u00e9publique D\u00e9mocratique du Congo - EDIS-AFRIQUE","isPartOf":{"@id":"https:\/\/edis-afrique.org\/#website"},"primaryImageOfPage":{"@id":"https:\/\/edis-afrique.org\/index.php\/2024\/01\/27\/une-rencontre-strategique-au-service-de-lindustrialisation-durable-de-la-republique-democratique-du-congo\/#primaryimage"},"image":{"@id":"https:\/\/edis-afrique.org\/index.php\/2024\/01\/27\/une-rencontre-strategique-au-service-de-lindustrialisation-durable-de-la-republique-democratique-du-congo\/#primaryimage"},"thumbnailUrl":"https:\/\/edis-afrique.org\/wp-content\/uploads\/2026\/08\/SEM-Mr.-Julien-Paluku.png","datePublished":"2024-01-27T14:32:00+00:00","dateModified":"2026-08-11T15:39:45+00:00","author":{"@id":"https:\/\/edis-afrique.org\/#\/schema\/person\/8a7d8f64bd9f3e835e0a6ec11e60e6c0"},"breadcrumb":{"@id":"https:\/\/edis-afrique.org\/index.php\/2024\/01\/27\/une-rencontre-strategique-au-service-de-lindustrialisation-durable-de-la-republique-democratique-du-congo\/#breadcrumb"},"inLanguage":"en-US","potentialAction":[{"@type":"ReadAction","target":["https:\/\/edis-afrique.org\/index.php\/2024\/01\/27\/une-rencontre-strategique-au-service-de-lindustrialisation-durable-de-la-republique-democratique-du-congo\/"]}]},{"@type":"ImageObject","inLanguage":"en-US","@id":"https:\/\/edis-afrique.org\/index.php\/2024\/01\/27\/une-rencontre-strategique-au-service-de-lindustrialisation-durable-de-la-republique-democratique-du-congo\/#primaryimage","url":"https:\/\/edis-afrique.org\/wp-content\/uploads\/2026\/08\/SEM-Mr.-Julien-Paluku.png","contentUrl":"https:\/\/edis-afrique.org\/wp-content\/uploads\/2026\/08\/SEM-Mr.-Julien-Paluku.png","width":1621,"height":910},{"@type":"BreadcrumbList","@id":"https:\/\/edis-afrique.org\/index.php\/2024\/01\/27\/une-rencontre-strategique-au-service-de-lindustrialisation-durable-de-la-republique-democratique-du-congo\/#breadcrumb","itemListElement":[{"@type":"ListItem","position":1,"name":"Home","item":"https:\/\/edis-afrique.org\/"},{"@type":"ListItem","position":2,"name":"Une rencontre strat\u00e9gique au service de l&#8217;industrialisation durable de la R\u00e9publique D\u00e9mocratique du Congo"}]},{"@type":"WebSite","@id":"https:\/\/edis-afrique.org\/#website","url":"https:\/\/edis-afrique.org\/","name":"EDIS-AFRIQUE","description":"Transformer les d\u00e9chets en opportunit\u00e9s pour l&#039;Afrique.","potentialAction":[{"@type":"SearchAction","target":{"@type":"EntryPoint","urlTemplate":"https:\/\/edis-afrique.org\/?s={search_term_string}"},"query-input":{"@type":"PropertyValueSpecification","valueRequired":true,"valueName":"search_term_string"}}],"inLanguage":"en-US"},{"@type":"Person","@id":"https:\/\/edis-afrique.org\/#\/schema\/person\/8a7d8f64bd9f3e835e0a6ec11e60e6c0","name":"R\u00e9daction","image":{"@type":"ImageObject","inLanguage":"en-US","@id":"https:\/\/secure.gravatar.com\/avatar\/6fff984843b7a7e5ff6deb05ebb1da542bb46019aa77b93e409cbadc5b05533e?s=96&d=mm&r=g","url":"https:\/\/secure.gravatar.com\/avatar\/6fff984843b7a7e5ff6deb05ebb1da542bb46019aa77b93e409cbadc5b05533e?s=96&d=mm&r=g","contentUrl":"https:\/\/secure.gravatar.com\/avatar\/6fff984843b7a7e5ff6deb05ebb1da542bb46019aa77b93e409cbadc5b05533e?s=96&d=mm&r=g","caption":"R\u00e9daction"},"sameAs":["https:\/\/edis-afrique.org"],"url":"https:\/\/edis-afrique.org\/index.php\/author\/redaction\/"}]}},"_links":{"self":[{"href":"https:\/\/edis-afrique.org\/index.php\/wp-json\/wp\/v2\/posts\/161","targetHints":{"allow":["GET"]}}],"collection":[{"href":"https:\/\/edis-afrique.org\/index.php\/wp-json\/wp\/v2\/posts"}],"about":[{"href":"https:\/\/edis-afrique.org\/index.php\/wp-json\/wp\/v2\/types\/post"}],"author":[{"embeddable":true,"href":"https:\/\/edis-afrique.org\/index.php\/wp-json\/wp\/v2\/users\/2"}],"replies":[{"embeddable":true,"href":"https:\/\/edis-afrique.org\/index.php\/wp-json\/wp\/v2\/comments?post=161"}],"version-history":[{"count":1,"href":"https:\/\/edis-afrique.org\/index.php\/wp-json\/wp\/v2\/posts\/161\/revisions"}],"predecessor-version":[{"id":4631,"href":"https:\/\/edis-afrique.org\/index.php\/wp-json\/wp\/v2\/posts\/161\/revisions\/4631"}],"wp:featuredmedia":[{"embeddable":true,"href":"https:\/\/edis-afrique.org\/index.php\/wp-json\/wp\/v2\/media\/4511"}],"wp:attachment":[{"href":"https:\/\/edis-afrique.org\/index.php\/wp-json\/wp\/v2\/media?parent=161"}],"wp:term":[{"taxonomy":"category","embeddable":true,"href":"https:\/\/edis-afrique.org\/index.php\/wp-json\/wp\/v2\/categories?post=161"},{"taxonomy":"post_tag","embeddable":true,"href":"https:\/\/edis-afrique.org\/index.php\/wp-json\/wp\/v2\/tags?post=161"}],"curies":[{"name":"wp","href":"https:\/\/api.w.org\/{rel}","templated":true}]}}