{"id":169,"date":"2023-01-04T02:43:00","date_gmt":"2023-01-04T01:43:00","guid":{"rendered":"http:\/\/localhost\/ctthemes\/csuti\/?p=169"},"modified":"2026-08-11T20:01:38","modified_gmt":"2026-08-11T18:01:38","slug":"villes-africaines-les-defis-de-la-gestion-des-dechets-urbains","status":"publish","type":"post","link":"https:\/\/edis-afrique.org\/index.php\/2023\/01\/04\/villes-africaines-les-defis-de-la-gestion-des-dechets-urbains\/","title":{"rendered":"Villes africaines : les d\u00e9fis de la gestion des d\u00e9chets urbains"},"content":{"rendered":"<p>Collecte irr\u00e9guli\u00e8re, d\u00e9charges satur\u00e9es, moyens financiers limit\u00e9s : les municipalit\u00e9s africaines font face \u00e0 des d\u00e9fis complexes. Tour d&#8217;horizon des obstacles et des pistes concr\u00e8tes pour les d\u00e9passer.<\/p>\n<h2 class=\"text-text-100 mt-3 -mb-1 text-[1.125rem] font-bold\" dir=\"ltr\" data-sourcepos=\"101:1-101:34;6886-6919\">Un d\u00e9fi \u00e0 plusieurs dimensions<\/h2>\n<p class=\"font-claude-response-body break-words whitespace-normal\" dir=\"ltr\" data-sourcepos=\"103:1-103:221;6921-7141\">G\u00e9rer les d\u00e9chets d&#8217;une ville ne se r\u00e9sume pas \u00e0 ramasser des poubelles. C&#8217;est un syst\u00e8me complet, qui implique la collecte, le transport, le traitement, et la valorisation \u2014 chaque maillon ayant ses propres contraintes.<\/p>\n<h3 class=\"text-text-100 mt-2 -mb-1 text-base font-bold\" dir=\"ltr\" data-sourcepos=\"105:1-105:51;7143-7193\">La collecte : un premier goulot d&#8217;\u00e9tranglement<\/h3>\n<p class=\"font-claude-response-body break-words whitespace-normal\" dir=\"ltr\" data-sourcepos=\"106:1-106:145;7194-7338\">Dans de nombreuses villes, les zones p\u00e9riph\u00e9riques ou informelles restent mal desservies, faute de v\u00e9hicules adapt\u00e9s ou d&#8217;itin\u00e9raires optimis\u00e9s.<\/p>\n<h3 class=\"text-text-100 mt-2 -mb-1 text-base font-bold\" dir=\"ltr\" data-sourcepos=\"108:1-108:70;7340-7409\">Le traitement : des infrastructures souvent absentes ou obsol\u00e8tes<\/h3>\n<p class=\"font-claude-response-body break-words whitespace-normal\" dir=\"ltr\" data-sourcepos=\"109:1-109:171;7410-7580\">Beaucoup de municipalit\u00e9s ne disposent d&#8217;aucune solution de traitement structur\u00e9e : les d\u00e9chets s&#8217;accumulent directement en d\u00e9charge, sans transformation ni valorisation.<\/p>\n<h3 class=\"text-text-100 mt-2 -mb-1 text-base font-bold\" dir=\"ltr\" data-sourcepos=\"111:1-111:42;7582-7623\">Le financement : le nerf de la guerre<\/h3>\n<p class=\"font-claude-response-body break-words whitespace-normal\" dir=\"ltr\" data-sourcepos=\"112:1-112:151;7624-7774\">Les budgets municipaux consacr\u00e9s \u00e0 la gestion des d\u00e9chets sont souvent limit\u00e9s, alors que les besoins en infrastructures croissent avec la population.<\/p>\n<h2 class=\"text-text-100 mt-3 -mb-1 text-[1.125rem] font-bold\" dir=\"ltr\" data-sourcepos=\"114:1-114:24;7776-7799\">Des pistes r\u00e9alistes<\/h2>\n<p class=\"font-claude-response-body break-words whitespace-normal\" dir=\"ltr\" data-sourcepos=\"116:1-116:167;7801-7967\">Face \u00e0 ces contraintes, la solution ne r\u00e9side pas n\u00e9cessairement dans des investissements massifs et complexes \u00e0 entretenir, mais dans des technologies <strong>adapt\u00e9es<\/strong> :<\/p>\n<ul class=\"[li_&amp;]:mb-0 [li_&amp;]:mt-1 [li_&amp;]:gap-1 [&amp;:not(:last-child)_ul]:pb-1 [&amp;:not(:last-child)_ol]:pb-1 list-disc flex flex-col gap-1 pl-8 mb-3 print:block print:space-y-1\" dir=\"ltr\" data-sourcepos=\"118:1-120:122;7969-8230\">\n<li class=\"font-claude-response-body whitespace-normal break-words pl-2\" data-sourcepos=\"118:1-118:65;7969-8033\">Des proc\u00e9d\u00e9s qui ne n\u00e9cessitent pas de tri s\u00e9lectif g\u00e9n\u00e9ralis\u00e9<\/li>\n<li class=\"font-claude-response-body whitespace-normal break-words pl-2\" data-sourcepos=\"119:1-119:75;8034-8108\">Des \u00e9quipements robustes, simples \u00e0 exploiter et \u00e0 entretenir localement<\/li>\n<li class=\"font-claude-response-body whitespace-normal break-words pl-2\" data-sourcepos=\"120:1-120:122;8109-8230\">Des fili\u00e8res de valorisation qui g\u00e9n\u00e8rent des recettes compl\u00e9mentaires (vente d&#8217;engrais, de combustibles, de mat\u00e9riaux)<\/li>\n<\/ul>\n<div id='gallery-1' class='gallery galleryid-169 gallery-columns-3 gallery-size-medium'><figure class='gallery-item'>\n\t\t\t<div class='gallery-icon landscape'>\n\t\t\t\t<a href='https:\/\/edis-afrique.org\/index.php\/2023\/01\/04\/villes-africaines-les-defis-de-la-gestion-des-dechets-urbains\/ville_afrique_1_compress\/'><img fetchpriority=\"high\" decoding=\"async\" width=\"300\" height=\"225\" src=\"https:\/\/edis-afrique.org\/wp-content\/uploads\/2020\/01\/ville_afrique_1_compress-300x225.png\" class=\"attachment-medium size-medium\" alt=\"\" srcset=\"https:\/\/edis-afrique.org\/wp-content\/uploads\/2020\/01\/ville_afrique_1_compress-300x225.png 300w, https:\/\/edis-afrique.org\/wp-content\/uploads\/2020\/01\/ville_afrique_1_compress-1024x768.png 1024w, https:\/\/edis-afrique.org\/wp-content\/uploads\/2020\/01\/ville_afrique_1_compress-768x576.png 768w, https:\/\/edis-afrique.org\/wp-content\/uploads\/2020\/01\/ville_afrique_1_compress-600x450.png 600w, https:\/\/edis-afrique.org\/wp-content\/uploads\/2020\/01\/ville_afrique_1_compress.png 1448w\" sizes=\"(max-width: 300px) 100vw, 300px\" \/><\/a>\n\t\t\t<\/div><\/figure><figure class='gallery-item'>\n\t\t\t<div class='gallery-icon landscape'>\n\t\t\t\t<a href='https:\/\/edis-afrique.org\/index.php\/2023\/01\/04\/villes-africaines-les-defis-de-la-gestion-des-dechets-urbains\/ville_afrique_2_compress\/'><img decoding=\"async\" width=\"300\" height=\"225\" src=\"https:\/\/edis-afrique.org\/wp-content\/uploads\/2020\/01\/ville_afrique_2_compress-300x225.png\" class=\"attachment-medium size-medium\" alt=\"\" srcset=\"https:\/\/edis-afrique.org\/wp-content\/uploads\/2020\/01\/ville_afrique_2_compress-300x225.png 300w, https:\/\/edis-afrique.org\/wp-content\/uploads\/2020\/01\/ville_afrique_2_compress-1024x768.png 1024w, https:\/\/edis-afrique.org\/wp-content\/uploads\/2020\/01\/ville_afrique_2_compress-768x576.png 768w, https:\/\/edis-afrique.org\/wp-content\/uploads\/2020\/01\/ville_afrique_2_compress-600x450.png 600w, https:\/\/edis-afrique.org\/wp-content\/uploads\/2020\/01\/ville_afrique_2_compress.png 1448w\" sizes=\"(max-width: 300px) 100vw, 300px\" \/><\/a>\n\t\t\t<\/div><\/figure><figure class='gallery-item'>\n\t\t\t<div class='gallery-icon landscape'>\n\t\t\t\t<a href='https:\/\/edis-afrique.org\/index.php\/2023\/01\/04\/villes-africaines-les-defis-de-la-gestion-des-dechets-urbains\/ville_afrique_3_compress\/'><img decoding=\"async\" width=\"300\" height=\"225\" src=\"https:\/\/edis-afrique.org\/wp-content\/uploads\/2020\/01\/ville_afrique_3_compress-300x225.png\" class=\"attachment-medium size-medium\" alt=\"\" srcset=\"https:\/\/edis-afrique.org\/wp-content\/uploads\/2020\/01\/ville_afrique_3_compress-300x225.png 300w, https:\/\/edis-afrique.org\/wp-content\/uploads\/2020\/01\/ville_afrique_3_compress-1024x768.png 1024w, https:\/\/edis-afrique.org\/wp-content\/uploads\/2020\/01\/ville_afrique_3_compress-768x576.png 768w, https:\/\/edis-afrique.org\/wp-content\/uploads\/2020\/01\/ville_afrique_3_compress-600x450.png 600w, https:\/\/edis-afrique.org\/wp-content\/uploads\/2020\/01\/ville_afrique_3_compress.png 1448w\" sizes=\"(max-width: 300px) 100vw, 300px\" \/><\/a>\n\t\t\t<\/div><\/figure>\n\t\t<\/div>\n\n<h2 class=\"text-text-100 mt-3 -mb-1 text-[1.125rem] font-bold\" dir=\"ltr\" data-sourcepos=\"122:1-122:48;8232-8279\">L&#8217;accompagnement, un facteur cl\u00e9 de r\u00e9ussite<\/h2>\n<p class=\"font-claude-response-body break-words whitespace-normal\" dir=\"ltr\" data-sourcepos=\"124:1-124:284;8281-8564\">Au-del\u00e0 de la technologie, la r\u00e9ussite d&#8217;un projet de gestion des d\u00e9chets d\u00e9pend largement de l&#8217;accompagnement : diagnostic initial, d\u00e9finition d&#8217;une strat\u00e9gie r\u00e9aliste, formation des \u00e9quipes locales. C&#8217;est le r\u00f4le qu&#8217;EDIS-AFRIQUE joue aux c\u00f4t\u00e9s des collectivit\u00e9s qu&#8217;elle accompagne.<\/p>\n<p class=\"font-claude-response-body break-words whitespace-normal\" dir=\"ltr\" data-sourcepos=\"126:1-126:91;8566-8656\"><strong>Votre commune cherche une solution adapt\u00e9e \u00e0 son contexte ? [<a href=\"#\" target=\"_blank\" rel=\"noopener\">Demandez un diagnostic \u2192<\/a>]<\/strong><\/p>\n","protected":false},"excerpt":{"rendered":"<p>Collecte irr\u00e9guli\u00e8re, d\u00e9charges satur\u00e9es, moyens financiers limit\u00e9s : les municipalit\u00e9s africaines font face \u00e0 des d\u00e9fis complexes. Tour d&#8217;horizon des obstacles et des pistes concr\u00e8tes pour les d\u00e9passer.<\/p>\n","protected":false},"author":2,"featured_media":4687,"comment_status":"closed","ping_status":"closed","sticky":false,"template":"","format":"standard","meta":{"footnotes":""},"categories":[3],"tags":[5,6,7],"class_list":["post-169","post","type-post","status-publish","format-standard","has-post-thumbnail","hentry","category-traitement-des-dechets","tag-builder","tag-cloud","tag-map"],"yoast_head":"<!-- This site is optimized with the Yoast SEO plugin v28.2 - https:\/\/yoast.com\/product\/yoast-seo-wordpress\/ -->\n<title>Villes africaines : les d\u00e9fis de la gestion des d\u00e9chets urbains - EDIS-AFRIQUE<\/title>\n<meta name=\"robots\" content=\"index, follow, max-snippet:-1, max-image-preview:large, max-video-preview:-1\" \/>\n<link rel=\"canonical\" href=\"https:\/\/edis-afrique.org\/index.php\/2023\/01\/04\/villes-africaines-les-defis-de-la-gestion-des-dechets-urbains\/\" \/>\n<meta property=\"og:locale\" content=\"en_US\" \/>\n<meta property=\"og:type\" content=\"article\" \/>\n<meta property=\"og:title\" content=\"Villes africaines : les d\u00e9fis de la gestion des d\u00e9chets urbains - EDIS-AFRIQUE\" \/>\n<meta property=\"og:description\" content=\"Collecte irr\u00e9guli\u00e8re, d\u00e9charges satur\u00e9es, moyens financiers limit\u00e9s : les municipalit\u00e9s africaines font face \u00e0 des d\u00e9fis complexes. Tour d&#039;horizon des obstacles et des pistes concr\u00e8tes pour les d\u00e9passer.\" \/>\n<meta property=\"og:url\" content=\"https:\/\/edis-afrique.org\/index.php\/2023\/01\/04\/villes-africaines-les-defis-de-la-gestion-des-dechets-urbains\/\" \/>\n<meta property=\"og:site_name\" content=\"EDIS-AFRIQUE\" \/>\n<meta property=\"article:published_time\" content=\"2023-01-04T01:43:00+00:00\" \/>\n<meta property=\"article:modified_time\" content=\"2026-08-11T18:01:38+00:00\" \/>\n<meta property=\"og:image\" content=\"https:\/\/edis-afrique.org\/wp-content\/uploads\/2020\/01\/ville_afrique_compress.png\" \/>\n\t<meta property=\"og:image:width\" content=\"1672\" \/>\n\t<meta property=\"og:image:height\" content=\"941\" \/>\n\t<meta property=\"og:image:type\" content=\"image\/png\" \/>\n<meta name=\"author\" content=\"R\u00e9daction\" \/>\n<meta name=\"twitter:card\" content=\"summary_large_image\" \/>\n<meta name=\"twitter:label1\" content=\"Written by\" \/>\n\t<meta name=\"twitter:data1\" content=\"R\u00e9daction\" \/>\n\t<meta name=\"twitter:label2\" content=\"Est. reading time\" \/>\n\t<meta name=\"twitter:data2\" content=\"2 minutes\" \/>\n<script type=\"application\/ld+json\" class=\"yoast-schema-graph\">{\"@context\":\"https:\\\/\\\/schema.org\",\"@graph\":[{\"@type\":\"Article\",\"@id\":\"https:\\\/\\\/edis-afrique.org\\\/index.php\\\/2023\\\/01\\\/04\\\/villes-africaines-les-defis-de-la-gestion-des-dechets-urbains\\\/#article\",\"isPartOf\":{\"@id\":\"https:\\\/\\\/edis-afrique.org\\\/index.php\\\/2023\\\/01\\\/04\\\/villes-africaines-les-defis-de-la-gestion-des-dechets-urbains\\\/\"},\"author\":{\"name\":\"R\u00e9daction\",\"@id\":\"https:\\\/\\\/edis-afrique.org\\\/#\\\/schema\\\/person\\\/8a7d8f64bd9f3e835e0a6ec11e60e6c0\"},\"headline\":\"Villes africaines : les d\u00e9fis de la gestion des d\u00e9chets urbains\",\"datePublished\":\"2023-01-04T01:43:00+00:00\",\"dateModified\":\"2026-08-11T18:01:38+00:00\",\"mainEntityOfPage\":{\"@id\":\"https:\\\/\\\/edis-afrique.org\\\/index.php\\\/2023\\\/01\\\/04\\\/villes-africaines-les-defis-de-la-gestion-des-dechets-urbains\\\/\"},\"wordCount\":341,\"image\":{\"@id\":\"https:\\\/\\\/edis-afrique.org\\\/index.php\\\/2023\\\/01\\\/04\\\/villes-africaines-les-defis-de-la-gestion-des-dechets-urbains\\\/#primaryimage\"},\"thumbnailUrl\":\"https:\\\/\\\/edis-afrique.org\\\/wp-content\\\/uploads\\\/2020\\\/01\\\/ville_afrique_compress.png\",\"keywords\":[\"Builder\",\"Cloud\",\"Map\"],\"articleSection\":[\"Traitement des d\u00e9chets\"],\"inLanguage\":\"en-US\"},{\"@type\":\"WebPage\",\"@id\":\"https:\\\/\\\/edis-afrique.org\\\/index.php\\\/2023\\\/01\\\/04\\\/villes-africaines-les-defis-de-la-gestion-des-dechets-urbains\\\/\",\"url\":\"https:\\\/\\\/edis-afrique.org\\\/index.php\\\/2023\\\/01\\\/04\\\/villes-africaines-les-defis-de-la-gestion-des-dechets-urbains\\\/\",\"name\":\"Villes africaines : les d\u00e9fis de la gestion des d\u00e9chets urbains - EDIS-AFRIQUE\",\"isPartOf\":{\"@id\":\"https:\\\/\\\/edis-afrique.org\\\/#website\"},\"primaryImageOfPage\":{\"@id\":\"https:\\\/\\\/edis-afrique.org\\\/index.php\\\/2023\\\/01\\\/04\\\/villes-africaines-les-defis-de-la-gestion-des-dechets-urbains\\\/#primaryimage\"},\"image\":{\"@id\":\"https:\\\/\\\/edis-afrique.org\\\/index.php\\\/2023\\\/01\\\/04\\\/villes-africaines-les-defis-de-la-gestion-des-dechets-urbains\\\/#primaryimage\"},\"thumbnailUrl\":\"https:\\\/\\\/edis-afrique.org\\\/wp-content\\\/uploads\\\/2020\\\/01\\\/ville_afrique_compress.png\",\"datePublished\":\"2023-01-04T01:43:00+00:00\",\"dateModified\":\"2026-08-11T18:01:38+00:00\",\"author\":{\"@id\":\"https:\\\/\\\/edis-afrique.org\\\/#\\\/schema\\\/person\\\/8a7d8f64bd9f3e835e0a6ec11e60e6c0\"},\"breadcrumb\":{\"@id\":\"https:\\\/\\\/edis-afrique.org\\\/index.php\\\/2023\\\/01\\\/04\\\/villes-africaines-les-defis-de-la-gestion-des-dechets-urbains\\\/#breadcrumb\"},\"inLanguage\":\"en-US\",\"potentialAction\":[{\"@type\":\"ReadAction\",\"target\":[\"https:\\\/\\\/edis-afrique.org\\\/index.php\\\/2023\\\/01\\\/04\\\/villes-africaines-les-defis-de-la-gestion-des-dechets-urbains\\\/\"]}]},{\"@type\":\"ImageObject\",\"inLanguage\":\"en-US\",\"@id\":\"https:\\\/\\\/edis-afrique.org\\\/index.php\\\/2023\\\/01\\\/04\\\/villes-africaines-les-defis-de-la-gestion-des-dechets-urbains\\\/#primaryimage\",\"url\":\"https:\\\/\\\/edis-afrique.org\\\/wp-content\\\/uploads\\\/2020\\\/01\\\/ville_afrique_compress.png\",\"contentUrl\":\"https:\\\/\\\/edis-afrique.org\\\/wp-content\\\/uploads\\\/2020\\\/01\\\/ville_afrique_compress.png\",\"width\":1672,\"height\":941},{\"@type\":\"BreadcrumbList\",\"@id\":\"https:\\\/\\\/edis-afrique.org\\\/index.php\\\/2023\\\/01\\\/04\\\/villes-africaines-les-defis-de-la-gestion-des-dechets-urbains\\\/#breadcrumb\",\"itemListElement\":[{\"@type\":\"ListItem\",\"position\":1,\"name\":\"Home\",\"item\":\"https:\\\/\\\/edis-afrique.org\\\/\"},{\"@type\":\"ListItem\",\"position\":2,\"name\":\"Villes africaines : les d\u00e9fis de la gestion des d\u00e9chets urbains\"}]},{\"@type\":\"WebSite\",\"@id\":\"https:\\\/\\\/edis-afrique.org\\\/#website\",\"url\":\"https:\\\/\\\/edis-afrique.org\\\/\",\"name\":\"EDIS-AFRIQUE\",\"description\":\"Transformer les d\u00e9chets en opportunit\u00e9s pour l&#039;Afrique.\",\"potentialAction\":[{\"@type\":\"SearchAction\",\"target\":{\"@type\":\"EntryPoint\",\"urlTemplate\":\"https:\\\/\\\/edis-afrique.org\\\/?s={search_term_string}\"},\"query-input\":{\"@type\":\"PropertyValueSpecification\",\"valueRequired\":true,\"valueName\":\"search_term_string\"}}],\"inLanguage\":\"en-US\"},{\"@type\":\"Person\",\"@id\":\"https:\\\/\\\/edis-afrique.org\\\/#\\\/schema\\\/person\\\/8a7d8f64bd9f3e835e0a6ec11e60e6c0\",\"name\":\"R\u00e9daction\",\"image\":{\"@type\":\"ImageObject\",\"inLanguage\":\"en-US\",\"@id\":\"https:\\\/\\\/secure.gravatar.com\\\/avatar\\\/6fff984843b7a7e5ff6deb05ebb1da542bb46019aa77b93e409cbadc5b05533e?s=96&d=mm&r=g\",\"url\":\"https:\\\/\\\/secure.gravatar.com\\\/avatar\\\/6fff984843b7a7e5ff6deb05ebb1da542bb46019aa77b93e409cbadc5b05533e?s=96&d=mm&r=g\",\"contentUrl\":\"https:\\\/\\\/secure.gravatar.com\\\/avatar\\\/6fff984843b7a7e5ff6deb05ebb1da542bb46019aa77b93e409cbadc5b05533e?s=96&d=mm&r=g\",\"caption\":\"R\u00e9daction\"},\"sameAs\":[\"https:\\\/\\\/edis-afrique.org\"],\"url\":\"https:\\\/\\\/edis-afrique.org\\\/index.php\\\/author\\\/redaction\\\/\"}]}<\/script>\n<!-- \/ Yoast SEO plugin. -->","yoast_head_json":{"title":"Villes africaines : les d\u00e9fis de la gestion des d\u00e9chets urbains - EDIS-AFRIQUE","robots":{"index":"index","follow":"follow","max-snippet":"max-snippet:-1","max-image-preview":"max-image-preview:large","max-video-preview":"max-video-preview:-1"},"canonical":"https:\/\/edis-afrique.org\/index.php\/2023\/01\/04\/villes-africaines-les-defis-de-la-gestion-des-dechets-urbains\/","og_locale":"en_US","og_type":"article","og_title":"Villes africaines : les d\u00e9fis de la gestion des d\u00e9chets urbains - EDIS-AFRIQUE","og_description":"Collecte irr\u00e9guli\u00e8re, d\u00e9charges satur\u00e9es, moyens financiers limit\u00e9s : les municipalit\u00e9s africaines font face \u00e0 des d\u00e9fis complexes. Tour d'horizon des obstacles et des pistes concr\u00e8tes pour les d\u00e9passer.","og_url":"https:\/\/edis-afrique.org\/index.php\/2023\/01\/04\/villes-africaines-les-defis-de-la-gestion-des-dechets-urbains\/","og_site_name":"EDIS-AFRIQUE","article_published_time":"2023-01-04T01:43:00+00:00","article_modified_time":"2026-08-11T18:01:38+00:00","og_image":[{"width":1672,"height":941,"url":"https:\/\/edis-afrique.org\/wp-content\/uploads\/2020\/01\/ville_afrique_compress.png","type":"image\/png"}],"author":"R\u00e9daction","twitter_card":"summary_large_image","twitter_misc":{"Written by":"R\u00e9daction","Est. reading time":"2 minutes"},"schema":{"@context":"https:\/\/schema.org","@graph":[{"@type":"Article","@id":"https:\/\/edis-afrique.org\/index.php\/2023\/01\/04\/villes-africaines-les-defis-de-la-gestion-des-dechets-urbains\/#article","isPartOf":{"@id":"https:\/\/edis-afrique.org\/index.php\/2023\/01\/04\/villes-africaines-les-defis-de-la-gestion-des-dechets-urbains\/"},"author":{"name":"R\u00e9daction","@id":"https:\/\/edis-afrique.org\/#\/schema\/person\/8a7d8f64bd9f3e835e0a6ec11e60e6c0"},"headline":"Villes africaines : les d\u00e9fis de la gestion des d\u00e9chets urbains","datePublished":"2023-01-04T01:43:00+00:00","dateModified":"2026-08-11T18:01:38+00:00","mainEntityOfPage":{"@id":"https:\/\/edis-afrique.org\/index.php\/2023\/01\/04\/villes-africaines-les-defis-de-la-gestion-des-dechets-urbains\/"},"wordCount":341,"image":{"@id":"https:\/\/edis-afrique.org\/index.php\/2023\/01\/04\/villes-africaines-les-defis-de-la-gestion-des-dechets-urbains\/#primaryimage"},"thumbnailUrl":"https:\/\/edis-afrique.org\/wp-content\/uploads\/2020\/01\/ville_afrique_compress.png","keywords":["Builder","Cloud","Map"],"articleSection":["Traitement des d\u00e9chets"],"inLanguage":"en-US"},{"@type":"WebPage","@id":"https:\/\/edis-afrique.org\/index.php\/2023\/01\/04\/villes-africaines-les-defis-de-la-gestion-des-dechets-urbains\/","url":"https:\/\/edis-afrique.org\/index.php\/2023\/01\/04\/villes-africaines-les-defis-de-la-gestion-des-dechets-urbains\/","name":"Villes africaines : les d\u00e9fis de la gestion des d\u00e9chets urbains - EDIS-AFRIQUE","isPartOf":{"@id":"https:\/\/edis-afrique.org\/#website"},"primaryImageOfPage":{"@id":"https:\/\/edis-afrique.org\/index.php\/2023\/01\/04\/villes-africaines-les-defis-de-la-gestion-des-dechets-urbains\/#primaryimage"},"image":{"@id":"https:\/\/edis-afrique.org\/index.php\/2023\/01\/04\/villes-africaines-les-defis-de-la-gestion-des-dechets-urbains\/#primaryimage"},"thumbnailUrl":"https:\/\/edis-afrique.org\/wp-content\/uploads\/2020\/01\/ville_afrique_compress.png","datePublished":"2023-01-04T01:43:00+00:00","dateModified":"2026-08-11T18:01:38+00:00","author":{"@id":"https:\/\/edis-afrique.org\/#\/schema\/person\/8a7d8f64bd9f3e835e0a6ec11e60e6c0"},"breadcrumb":{"@id":"https:\/\/edis-afrique.org\/index.php\/2023\/01\/04\/villes-africaines-les-defis-de-la-gestion-des-dechets-urbains\/#breadcrumb"},"inLanguage":"en-US","potentialAction":[{"@type":"ReadAction","target":["https:\/\/edis-afrique.org\/index.php\/2023\/01\/04\/villes-africaines-les-defis-de-la-gestion-des-dechets-urbains\/"]}]},{"@type":"ImageObject","inLanguage":"en-US","@id":"https:\/\/edis-afrique.org\/index.php\/2023\/01\/04\/villes-africaines-les-defis-de-la-gestion-des-dechets-urbains\/#primaryimage","url":"https:\/\/edis-afrique.org\/wp-content\/uploads\/2020\/01\/ville_afrique_compress.png","contentUrl":"https:\/\/edis-afrique.org\/wp-content\/uploads\/2020\/01\/ville_afrique_compress.png","width":1672,"height":941},{"@type":"BreadcrumbList","@id":"https:\/\/edis-afrique.org\/index.php\/2023\/01\/04\/villes-africaines-les-defis-de-la-gestion-des-dechets-urbains\/#breadcrumb","itemListElement":[{"@type":"ListItem","position":1,"name":"Home","item":"https:\/\/edis-afrique.org\/"},{"@type":"ListItem","position":2,"name":"Villes africaines : les d\u00e9fis de la gestion des d\u00e9chets urbains"}]},{"@type":"WebSite","@id":"https:\/\/edis-afrique.org\/#website","url":"https:\/\/edis-afrique.org\/","name":"EDIS-AFRIQUE","description":"Transformer les d\u00e9chets en opportunit\u00e9s pour l&#039;Afrique.","potentialAction":[{"@type":"SearchAction","target":{"@type":"EntryPoint","urlTemplate":"https:\/\/edis-afrique.org\/?s={search_term_string}"},"query-input":{"@type":"PropertyValueSpecification","valueRequired":true,"valueName":"search_term_string"}}],"inLanguage":"en-US"},{"@type":"Person","@id":"https:\/\/edis-afrique.org\/#\/schema\/person\/8a7d8f64bd9f3e835e0a6ec11e60e6c0","name":"R\u00e9daction","image":{"@type":"ImageObject","inLanguage":"en-US","@id":"https:\/\/secure.gravatar.com\/avatar\/6fff984843b7a7e5ff6deb05ebb1da542bb46019aa77b93e409cbadc5b05533e?s=96&d=mm&r=g","url":"https:\/\/secure.gravatar.com\/avatar\/6fff984843b7a7e5ff6deb05ebb1da542bb46019aa77b93e409cbadc5b05533e?s=96&d=mm&r=g","contentUrl":"https:\/\/secure.gravatar.com\/avatar\/6fff984843b7a7e5ff6deb05ebb1da542bb46019aa77b93e409cbadc5b05533e?s=96&d=mm&r=g","caption":"R\u00e9daction"},"sameAs":["https:\/\/edis-afrique.org"],"url":"https:\/\/edis-afrique.org\/index.php\/author\/redaction\/"}]}},"_links":{"self":[{"href":"https:\/\/edis-afrique.org\/index.php\/wp-json\/wp\/v2\/posts\/169","targetHints":{"allow":["GET"]}}],"collection":[{"href":"https:\/\/edis-afrique.org\/index.php\/wp-json\/wp\/v2\/posts"}],"about":[{"href":"https:\/\/edis-afrique.org\/index.php\/wp-json\/wp\/v2\/types\/post"}],"author":[{"embeddable":true,"href":"https:\/\/edis-afrique.org\/index.php\/wp-json\/wp\/v2\/users\/2"}],"replies":[{"embeddable":true,"href":"https:\/\/edis-afrique.org\/index.php\/wp-json\/wp\/v2\/comments?post=169"}],"version-history":[{"count":1,"href":"https:\/\/edis-afrique.org\/index.php\/wp-json\/wp\/v2\/posts\/169\/revisions"}],"predecessor-version":[{"id":4691,"href":"https:\/\/edis-afrique.org\/index.php\/wp-json\/wp\/v2\/posts\/169\/revisions\/4691"}],"wp:featuredmedia":[{"embeddable":true,"href":"https:\/\/edis-afrique.org\/index.php\/wp-json\/wp\/v2\/media\/4687"}],"wp:attachment":[{"href":"https:\/\/edis-afrique.org\/index.php\/wp-json\/wp\/v2\/media?parent=169"}],"wp:term":[{"taxonomy":"category","embeddable":true,"href":"https:\/\/edis-afrique.org\/index.php\/wp-json\/wp\/v2\/categories?post=169"},{"taxonomy":"post_tag","embeddable":true,"href":"https:\/\/edis-afrique.org\/index.php\/wp-json\/wp\/v2\/tags?post=169"}],"curies":[{"name":"wp","href":"https:\/\/api.w.org\/{rel}","templated":true}]}}